{"id":1677,"date":"2014-05-24T11:45:23","date_gmt":"2014-05-24T11:45:23","guid":{"rendered":"http:\/\/hgv.tatalata.com\/?p=1677"},"modified":"2014-05-28T14:18:42","modified_gmt":"2014-05-28T14:18:42","slug":"sommerferienprogramm-2014-2","status":"publish","type":"post","link":"https:\/\/hgv-raketen.de\/?p=1677","title":{"rendered":"Sommerferienprogramm 2014"},"content":{"rendered":"<p>Auch in diesem Jahr ist die HGV wieder beim Vaihinger Sommerferienprogramm mit dabei.<br \/>\n<a href=\"http:\/\/hgv.tatalata.com\/wp-content\/uploads\/2014\/05\/SFP.jpg\"><img loading=\"lazy\" decoding=\"async\" class=\" wp-image-1687 aligncenter\" src=\"http:\/\/hgv.tatalata.com\/wp-content\/uploads\/2014\/05\/SFP-300x133.jpg\" alt=\"SFP\" width=\"438\" height=\"194\" srcset=\"https:\/\/hgv-raketen.de\/wp-content\/uploads\/2014\/05\/SFP-300x133.jpg 300w, https:\/\/hgv-raketen.de\/wp-content\/uploads\/2014\/05\/SFP-1024x456.jpg 1024w, https:\/\/hgv-raketen.de\/wp-content\/uploads\/2014\/05\/SFP-730x325.jpg 730w, https:\/\/hgv-raketen.de\/wp-content\/uploads\/2014\/05\/SFP.jpg 1273w\" sizes=\"(max-width: 438px) 100vw, 438px\" \/><\/a>Der Termin zum SFP&#8217;14 ist jetzt festgelegt auf <span style=\"color: #ff0000;\">Samstag den 23.08.2014<\/span>. Erstmalig werden wir dieses im Jugendhaus &#8220;Abseits&#8221; veranstalten. Hier ein Link zum Jugendhaus Abseits: <a title=\"Flyer Jugendhaus\" href=\"http:\/\/www.vaihingen.de\/sixcms\/media.php\/13\/Jugendhaus%20Veranstaltungsflyer%20April%20bis%20Juli.8753.pdf\">Flyer Jugendhaus<\/a><\/p>\n<p>Ich gehe davon aus, da\u00df die R\u00e4umlichkeit Platz f\u00fcr ca. 25 Kids bietet. 2 Mitarbeiter haben bereits ihre Zusage angemeldet &#8211; vielen Dank daf\u00fcr. Wenn noch einer oder zwei Mitarbeiter Lust und Zeit h\u00e4tten, w\u00e4re das sehr hilfreich. Meldet euch einfach kurz.<\/p>\n<p>Das Prospekt hierzu findet ihr hier: <a href=\"http:\/\/hgv.tatalata.com\/wp-content\/uploads\/2014\/05\/Prospekt-Sommerferienprg.VAI-14.pdf\">Prospekt-Sommerferienprg.VAI-14<\/a><strong><a href=\"http:\/\/hgv.tatalata.com\/wp-content\/uploads\/2014\/05\/Prospekt-Sommerferienprg.VAI-14.pdf\"><br \/>\n<\/a><\/strong><br \/>\nGestartet wird wieder je nach Feldbeschaffenheit im Vaihinger Weitfeld. Sammel-Fahrm\u00f6glichkeit f\u00fcr die Kids \u00fcbernehmen wie immer die Eltern. Die Anmeldung als Teilnehmer ist der \u00f6rtlichen Presse zu entnehmen. Hier wird das SFP demn\u00e4chst ausgeschrieben.<\/p>\n<p>Gr\u00fc\u00dfe, Karlheinz<\/p>\n","protected":false},"excerpt":{"rendered":"<p>Auch in diesem Jahr ist die HGV wieder beim Vaihinger Sommerferienprogramm mit dabei. Der Termin zum SFP&#8217;14 ist jetzt festgelegt auf Samstag den 23.08.2014. Erstmalig werden wir dieses im Jugendhaus &#8220;Abseits&#8221; veranstalten. Hier ein Link zum Jugendhaus Abseits: Flyer Jugendhaus Ich gehe davon aus, da\u00df die R\u00e4umlichkeit Platz f\u00fcr ca. 25 Kids bietet. 2 Mitarbeiter &#8230;<\/p>\n<p><a href=\"https:\/\/hgv-raketen.de\/?p=1677\" class=\"more-link\">Continue reading &lsquo;Sommerferienprogramm 2014&rsquo; &raquo;<\/a><\/p>\n","protected":false},"author":2,"featured_media":0,"comment_status":"open","ping_status":"closed","sticky":false,"template":"","format":"standard","meta":{"footnotes":""},"categories":[12],"tags":[],"class_list":["post-1677","post","type-post","status-publish","format-standard","hentry","category-sommerferienprogramm","gallery-content-unit"],"_links":{"self":[{"href":"https:\/\/hgv-raketen.de\/index.php?rest_route=\/wp\/v2\/posts\/1677"}],"collection":[{"href":"https:\/\/hgv-raketen.de\/index.php?rest_route=\/wp\/v2\/posts"}],"about":[{"href":"https:\/\/hgv-raketen.de\/index.php?rest_route=\/wp\/v2\/types\/post"}],"author":[{"embeddable":true,"href":"https:\/\/hgv-raketen.de\/index.php?rest_route=\/wp\/v2\/users\/2"}],"replies":[{"embeddable":true,"href":"https:\/\/hgv-raketen.de\/index.php?rest_route=%2Fwp%2Fv2%2Fcomments&post=1677"}],"version-history":[{"count":16,"href":"https:\/\/hgv-raketen.de\/index.php?rest_route=\/wp\/v2\/posts\/1677\/revisions"}],"predecessor-version":[{"id":1780,"href":"https:\/\/hgv-raketen.de\/index.php?rest_route=\/wp\/v2\/posts\/1677\/revisions\/1780"}],"wp:attachment":[{"href":"https:\/\/hgv-raketen.de\/index.php?rest_route=%2Fwp%2Fv2%2Fmedia&parent=1677"}],"wp:term":[{"taxonomy":"category","embeddable":true,"href":"https:\/\/hgv-raketen.de\/index.php?rest_route=%2Fwp%2Fv2%2Fcategories&post=1677"},{"taxonomy":"post_tag","embeddable":true,"href":"https:\/\/hgv-raketen.de\/index.php?rest_route=%2Fwp%2Fv2%2Ftags&post=1677"}],"curies":[{"name":"wp","href":"https:\/\/api.w.org\/{rel}","templated":true}]}}