{"id":689,"date":"2007-07-03T00:00:00","date_gmt":"1970-01-01T00:00:00","guid":{"rendered":"http:\/\/localhost\/rocketA\/?p=689"},"modified":"2014-05-23T17:23:13","modified_gmt":"2014-05-23T17:23:13","slug":"2007-07-03-107","status":"publish","type":"post","link":"https:\/\/hgv-raketen.de\/?p=689","title":{"rendered":"HGV gibt Interview + Sommerferienprogramm 2007"},"content":{"rendered":"<p><strong>Interview f\u00fcr Radiosendung<\/strong><br \/>\nAm 31. Juli wird uns ein Redakteur des Evangelischen Rundfunks in unserer Werkstatt besuchen um ein Interview mit uns zu machen. Wir sollen uns kurz vorstellen und darlegen, was wir so alles machen. Einige Ger\u00e4usche aus unserer Werkstatt (incl. Motorabbrand) sollen das Kurz-Interview w\u00fcrzen. Das ist f\u00fcr uns eine tolle Gelegenheit (wenn auch sehr kurz &#8211; lediglich 90 sec.) uns auch auf dieser Plattform zu pr\u00e4sentieren.<\/p>\n<p><strong>Sommerferienprogramm Vaihingen<\/strong><br \/>\nWir haben uns bei der Stadt Vaihingen mit dem Sommerferienprogramm angemeldet. Es ist nun bereits in der Zeitung erschienen. Es findet statt am: 28.07.2007 (Samstag) um 13:00 Uhr- Wir erhalten von der Stadt Vaihingen noch Bescheid wie viele Kids es sind und welche Modelle gebaut werden. Es sind 5 zur Auswahl gestellt. Sollte jemand Lust haben mitzuhelfen, ist er gerne eingeladen.<\/p>\n","protected":false},"excerpt":{"rendered":"<p>Interview f\u00fcr Radiosendung Am 31. Juli wird uns ein Redakteur des Evangelischen Rundfunks in unserer Werkstatt besuchen um ein Interview mit uns zu machen. Wir sollen uns kurz vorstellen und darlegen, was wir so alles machen. Einige Ger\u00e4usche aus unserer Werkstatt (incl. Motorabbrand) sollen das Kurz-Interview w\u00fcrzen. Das ist f\u00fcr uns eine tolle Gelegenheit (wenn &#8230;<\/p>\n<p><a href=\"https:\/\/hgv-raketen.de\/?p=689\" class=\"more-link\">Continue reading &lsquo;HGV gibt Interview + Sommerferienprogramm 2007&rsquo; &raquo;<\/a><\/p>\n","protected":false},"author":1,"featured_media":0,"comment_status":"open","ping_status":"closed","sticky":false,"template":"","format":"standard","meta":{"footnotes":""},"categories":[13,12],"tags":[],"class_list":["post-689","post","type-post","status-publish","format-standard","hentry","category-medien","category-sommerferienprogramm","gallery-content-unit"],"_links":{"self":[{"href":"https:\/\/hgv-raketen.de\/index.php?rest_route=\/wp\/v2\/posts\/689"}],"collection":[{"href":"https:\/\/hgv-raketen.de\/index.php?rest_route=\/wp\/v2\/posts"}],"about":[{"href":"https:\/\/hgv-raketen.de\/index.php?rest_route=\/wp\/v2\/types\/post"}],"author":[{"embeddable":true,"href":"https:\/\/hgv-raketen.de\/index.php?rest_route=\/wp\/v2\/users\/1"}],"replies":[{"embeddable":true,"href":"https:\/\/hgv-raketen.de\/index.php?rest_route=%2Fwp%2Fv2%2Fcomments&post=689"}],"version-history":[{"count":4,"href":"https:\/\/hgv-raketen.de\/index.php?rest_route=\/wp\/v2\/posts\/689\/revisions"}],"predecessor-version":[{"id":1657,"href":"https:\/\/hgv-raketen.de\/index.php?rest_route=\/wp\/v2\/posts\/689\/revisions\/1657"}],"wp:attachment":[{"href":"https:\/\/hgv-raketen.de\/index.php?rest_route=%2Fwp%2Fv2%2Fmedia&parent=689"}],"wp:term":[{"taxonomy":"category","embeddable":true,"href":"https:\/\/hgv-raketen.de\/index.php?rest_route=%2Fwp%2Fv2%2Fcategories&post=689"},{"taxonomy":"post_tag","embeddable":true,"href":"https:\/\/hgv-raketen.de\/index.php?rest_route=%2Fwp%2Fv2%2Ftags&post=689"}],"curies":[{"name":"wp","href":"https:\/\/api.w.org\/{rel}","templated":true}]}}