{"id":699,"date":"2006-03-25T00:00:00","date_gmt":"1970-01-01T00:00:00","guid":{"rendered":"http:\/\/localhost\/rocketA\/?p=699"},"modified":"2014-04-09T08:22:18","modified_gmt":"2014-04-09T08:22:18","slug":"2006-03-25-117","status":"publish","type":"post","link":"https:\/\/hgv-raketen.de\/?p=699","title":{"rendered":"Starttag"},"content":{"rendered":"<p>Erster HGV-Starttag in diesem Jahr, am Samstag, den 25. M\u00e4rz 2006<\/p>\n<p>Um 13.30 Uhr trafen wir uns an unserem Modellraketen-Startgel\u00e4nde au\u00dferhalb von Lienzingen. Es waren viele Raketenfreunde gekommen. Insgesamt hatten wir an die 50\u2013 60 Starts.<\/p>\n<p>Das Wetter wollte zwar nicht so recht mitmachen, es war zum Teil ziemlich windig und auch etwas regnerisch. Ab und zu kam dann sogar die Sonne heraus, verschwand aber genau so schnell wieder wie sie gekommen war.<\/p>\n\n\t\t<style type=\"text\/css\">\n\t\t\t#gallery-1 {\n\t\t\t\tmargin: auto;\n\t\t\t}\n\t\t\t#gallery-1 .gallery-item {\n\t\t\t\tfloat: left;\n\t\t\t\tmargin-top: 10px;\n\t\t\t\ttext-align: center;\n\t\t\t\twidth: 33%;\n\t\t\t}\n\t\t\t#gallery-1 img {\n\t\t\t\tborder: 2px solid #cfcfcf;\n\t\t\t}\n\t\t\t#gallery-1 .gallery-caption {\n\t\t\t\tmargin-left: 0;\n\t\t\t}\n\t\t\t\/* see gallery_shortcode() in wp-includes\/media.php *\/\n\t\t<\/style>\n\t\t<div id='gallery-1' class='gallery galleryid-699 gallery-columns-3 gallery-size-thumbnail'><dl class='gallery-item'>\n\t\t\t<dt class='gallery-icon portrait'>\n\t\t\t\t<a href=\"https:\/\/hgv-raketen.de\/wp-content\/uploads\/2006\/03\/HGV-20060325-028_kl.jpg\" title=\"HGV-20060325-028_kl\" data-description=\"\"><img loading=\"lazy\" decoding=\"async\" width=\"192\" height=\"200\" src=\"https:\/\/hgv-raketen.de\/wp-content\/uploads\/2006\/03\/HGV-20060325-028_kl-192x200.jpg\" class=\"attachment-thumbnail size-thumbnail\" alt=\"\"><\/a>\n\t\t\t<\/dt><\/dl><dl class='gallery-item'>\n\t\t\t<dt class='gallery-icon portrait'>\n\t\t\t\t<a href=\"https:\/\/hgv-raketen.de\/wp-content\/uploads\/2006\/03\/HGV-20060325-010_kl.jpg\" title=\"HGV-20060325-010_kl\" data-description=\"\"><img loading=\"lazy\" decoding=\"async\" width=\"192\" height=\"200\" src=\"https:\/\/hgv-raketen.de\/wp-content\/uploads\/2006\/03\/HGV-20060325-010_kl-192x200.jpg\" class=\"attachment-thumbnail size-thumbnail\" alt=\"\"><\/a>\n\t\t\t<\/dt><\/dl><dl class='gallery-item'>\n\t\t\t<dt class='gallery-icon portrait'>\n\t\t\t\t<a href=\"https:\/\/hgv-raketen.de\/wp-content\/uploads\/2006\/03\/HGV-20060325-019_kl.jpg\" title=\"HGV-20060325-019_kl\" data-description=\"\"><img loading=\"lazy\" decoding=\"async\" width=\"192\" height=\"200\" src=\"https:\/\/hgv-raketen.de\/wp-content\/uploads\/2006\/03\/HGV-20060325-019_kl-192x200.jpg\" class=\"attachment-thumbnail size-thumbnail\" alt=\"\"><\/a>\n\t\t\t<\/dt><\/dl><br style=\"clear: both\" \/><dl class='gallery-item'>\n\t\t\t<dt class='gallery-icon portrait'>\n\t\t\t\t<a href=\"https:\/\/hgv-raketen.de\/wp-content\/uploads\/2006\/03\/HGV-20060325-012_kl.jpg\" title=\"HGV-20060325-012_kl\" data-description=\"\"><img loading=\"lazy\" decoding=\"async\" width=\"192\" height=\"200\" src=\"https:\/\/hgv-raketen.de\/wp-content\/uploads\/2006\/03\/HGV-20060325-012_kl-192x200.jpg\" class=\"attachment-thumbnail size-thumbnail\" alt=\"\"><\/a>\n\t\t\t<\/dt><\/dl><dl class='gallery-item'>\n\t\t\t<dt class='gallery-icon portrait'>\n\t\t\t\t<a href=\"https:\/\/hgv-raketen.de\/wp-content\/uploads\/2006\/03\/HGV-20060325-014_kl.jpg\" title=\"HGV-20060325-014_kl\" data-description=\"\"><img loading=\"lazy\" decoding=\"async\" width=\"192\" height=\"200\" src=\"https:\/\/hgv-raketen.de\/wp-content\/uploads\/2006\/03\/HGV-20060325-014_kl-192x200.jpg\" class=\"attachment-thumbnail size-thumbnail\" alt=\"\"><\/a>\n\t\t\t<\/dt><\/dl><dl class='gallery-item'>\n\t\t\t<dt class='gallery-icon portrait'>\n\t\t\t\t<a href=\"https:\/\/hgv-raketen.de\/wp-content\/uploads\/2006\/03\/HGV-20060325-027_kl.jpg\" title=\"HGV-20060325-027_kl\" data-description=\"\"><img loading=\"lazy\" decoding=\"async\" width=\"192\" height=\"200\" src=\"https:\/\/hgv-raketen.de\/wp-content\/uploads\/2006\/03\/HGV-20060325-027_kl-192x200.jpg\" class=\"attachment-thumbnail size-thumbnail\" alt=\"\"><\/a>\n\t\t\t<\/dt><\/dl><br style=\"clear: both\" \/><dl class='gallery-item'>\n\t\t\t<dt class='gallery-icon portrait'>\n\t\t\t\t<a href=\"https:\/\/hgv-raketen.de\/wp-content\/uploads\/2006\/03\/HGV-20060325-044_kl.jpg\" title=\"HGV-20060325-044_kl\" data-description=\"\"><img loading=\"lazy\" decoding=\"async\" width=\"192\" height=\"200\" src=\"https:\/\/hgv-raketen.de\/wp-content\/uploads\/2006\/03\/HGV-20060325-044_kl-192x200.jpg\" class=\"attachment-thumbnail size-thumbnail\" alt=\"\"><\/a>\n\t\t\t<\/dt><\/dl><dl class='gallery-item'>\n\t\t\t<dt class='gallery-icon portrait'>\n\t\t\t\t<a href=\"https:\/\/hgv-raketen.de\/wp-content\/uploads\/2006\/03\/HGV-20060325-063_kl.jpg\" title=\"HGV-20060325-063_kl\" data-description=\"\"><img loading=\"lazy\" decoding=\"async\" width=\"192\" height=\"200\" src=\"https:\/\/hgv-raketen.de\/wp-content\/uploads\/2006\/03\/HGV-20060325-063_kl-192x200.jpg\" class=\"attachment-thumbnail size-thumbnail\" alt=\"\"><\/a>\n\t\t\t<\/dt><\/dl>\n\t\t\t<br style='clear: both' \/>\n\t\t<\/div>\n\n<p>Von alle dem lie\u00dfen wir uns aber nicht beirren. Dabei gab es oft \u00dcberraschungen. Aber das ist eben auch das, was so gro\u00dfen Spa\u00df macht. Einige Raketen sind als Baumschmuck verloren gegangen, andere flogen in den Wald und fanden dann auch wieder Ihren Besitzer.<\/p>\n<p>Karl-Heinz experimentierte mit seinem Gleitflieger. Der Gleitflieger machte 3 \u2013 4 Loopings und landete dann sicher am Boden. Udo testete seinen neuen Hybridmotor am selbstgebauten Pr\u00fcfstand. Der Motor startet super. Das war sehr interessant.<\/p>\n<p>Der erste HGV-Starttag war mal wieder ein Erfolg und wir freuen uns bereits auf den n\u00e4chsten Termin. <\/p>\n","protected":false},"excerpt":{"rendered":"<p>Erster HGV-Starttag in diesem Jahr, am Samstag, den 25. M\u00e4rz 2006 Um 13.30 Uhr trafen wir uns an unserem Modellraketen-Startgel\u00e4nde au\u00dferhalb von Lienzingen. Es waren viele Raketenfreunde gekommen. Insgesamt hatten wir an die 50\u2013 60 Starts. Das Wetter wollte zwar nicht so recht mitmachen, es war zum Teil ziemlich windig und auch etwas regnerisch. Ab &#8230;<\/p>\n<p><a href=\"https:\/\/hgv-raketen.de\/?p=699\" class=\"more-link\">Continue reading &lsquo;Starttag&rsquo; &raquo;<\/a><\/p>\n","protected":false},"author":1,"featured_media":0,"comment_status":"open","ping_status":"closed","sticky":false,"template":"","format":"standard","meta":{"footnotes":""},"categories":[5],"tags":[],"class_list":["post-699","post","type-post","status-publish","format-standard","hentry","category-starttag","gallery-content-unit"],"_links":{"self":[{"href":"https:\/\/hgv-raketen.de\/index.php?rest_route=\/wp\/v2\/posts\/699"}],"collection":[{"href":"https:\/\/hgv-raketen.de\/index.php?rest_route=\/wp\/v2\/posts"}],"about":[{"href":"https:\/\/hgv-raketen.de\/index.php?rest_route=\/wp\/v2\/types\/post"}],"author":[{"embeddable":true,"href":"https:\/\/hgv-raketen.de\/index.php?rest_route=\/wp\/v2\/users\/1"}],"replies":[{"embeddable":true,"href":"https:\/\/hgv-raketen.de\/index.php?rest_route=%2Fwp%2Fv2%2Fcomments&post=699"}],"version-history":[{"count":3,"href":"https:\/\/hgv-raketen.de\/index.php?rest_route=\/wp\/v2\/posts\/699\/revisions"}],"predecessor-version":[{"id":1019,"href":"https:\/\/hgv-raketen.de\/index.php?rest_route=\/wp\/v2\/posts\/699\/revisions\/1019"}],"wp:attachment":[{"href":"https:\/\/hgv-raketen.de\/index.php?rest_route=%2Fwp%2Fv2%2Fmedia&parent=699"}],"wp:term":[{"taxonomy":"category","embeddable":true,"href":"https:\/\/hgv-raketen.de\/index.php?rest_route=%2Fwp%2Fv2%2Fcategories&post=699"},{"taxonomy":"post_tag","embeddable":true,"href":"https:\/\/hgv-raketen.de\/index.php?rest_route=%2Fwp%2Fv2%2Ftags&post=699"}],"curies":[{"name":"wp","href":"https:\/\/api.w.org\/{rel}","templated":true}]}}